{"id":15937,"date":"2015-11-26T19:09:00","date_gmt":"2015-11-26T18:09:00","guid":{"rendered":"http:\/\/www.candice-nguyen.com\/?p=15937"},"modified":"2016-08-06T15:29:52","modified_gmt":"2016-08-06T13:29:52","slug":"26-novembre-17h45","status":"publish","type":"post","link":"https:\/\/www.candice-nguyen.com\/fragments\/26-novembre-17h45\/","title":{"rendered":"26 novembre, 17h45"},"content":{"rendered":"<p style=\"text-align: center; font-size: 85%; line-height: 1.5em; font-family: courier;\">(ce monde \u00e9tant bien trop fou, je me r\u00e9fugie dans la beaut\u00e9 du soir)<\/p>\n<p><a title=\"\" href=\"http:\/\/www.candice-nguyen.com\/wp-content\/uploads\/2015\/11\/PB263772.jpg\" data-rel=\"lightbox-gallery-ZdmQa53y\" data-rl_title=\"\" data-rl_caption=\"\"><img loading=\"lazy\" decoding=\"async\" class=\"alignnone size-full wp-image-15938\" src=\"http:\/\/www.candice-nguyen.com\/wp-content\/uploads\/2015\/11\/PB263772.jpg\" alt=\"26 novembre, 17h45 \u00a9 candice nguyen\" width=\"1400\" height=\"1050\" srcset=\"https:\/\/www.candice-nguyen.com\/fragments\/wp-content\/uploads\/2015\/11\/PB263772.jpg 1400w, https:\/\/www.candice-nguyen.com\/fragments\/wp-content\/uploads\/2015\/11\/PB263772-140x105.jpg 140w, https:\/\/www.candice-nguyen.com\/fragments\/wp-content\/uploads\/2015\/11\/PB263772-315x236.jpg 315w, https:\/\/www.candice-nguyen.com\/fragments\/wp-content\/uploads\/2015\/11\/PB263772-630x473.jpg 630w, https:\/\/www.candice-nguyen.com\/fragments\/wp-content\/uploads\/2015\/11\/PB263772-700x525.jpg 700w, https:\/\/www.candice-nguyen.com\/fragments\/wp-content\/uploads\/2015\/11\/PB263772-332x249.jpg 332w\" sizes=\"auto, (max-width: 1400px) 100vw, 1400px\" \/><\/a><br \/>\n<div class=\"compact_audio_player_wrapper\"><div class=\"sc_player_container1\"><input type=\"button\" id=\"btnplay_69f5ed8eadf298.21010897\" class=\"myButton_play\" onClick=\"play_mp3('play','69f5ed8eadf298.21010897','http:\/\/www.candice-nguyen.com\/wp-content\/uploads\/2015\/11\/danslenoirdutempsunenuitpasolini.mp3','80','false');show_hide('play','69f5ed8eadf298.21010897');\" \/><input type=\"button\"  id=\"btnstop_69f5ed8eadf298.21010897\" style=\"display:none\" class=\"myButton_stop\" onClick=\"play_mp3('stop','69f5ed8eadf298.21010897','','80','false');show_hide('stop','69f5ed8eadf298.21010897');\" \/><div id=\"sm2-container\"><!-- flash movie ends up here --><\/div><\/div><\/div> <span style=\"font-size: 100%; font-family: Oswald; font-weight: 300;\"><a href=\"http:\/\/laviemanifeste.com\/archives\/10533\" target=\"_blank\">La vie manifeste<\/a> &#8211; Dans le noir du temps, une nuit Pasolini<\/span><\/p>\n<p style=\"text-align: center; font-size: 120%; line-height: 1.5em; font-family: Oswald; font-weight: 300; padding-left: 50px; padding-right: 50px;\">&#8220;On aura beaucoup dit et \u00e9crit sur Pasolini. Sa joie ou sa tristesse. Nous voudrions tenir ensemble et sa joie et sa tristesse. Sa joie et sa tristesse tiennent peut-\u00eatre \u00e0 ceci : qu&#8217;il ne se sera jamais consol\u00e9 de rien. Pasolini aura aim\u00e9 son \u00e9poque. Il l&#8217;aura aim\u00e9 au point que de son amour nous reste une rage. Et c&#8217;est aussi parce qu&#8217;il l&#8217;aura aim\u00e9e comme peu l&#8217;auront aim\u00e9e, comme personne, qu&#8217;il aura aussi pleur\u00e9 sa fin, qu&#8217;il l&#8217;aura pleur\u00e9e au point que tout d\u00e9sormais devait dispara\u00eetre, une fois entendu que la beaut\u00e9 avait disparu, que d&#8217;elle, il ne resta plus que son simulacre. De ce monde aim\u00e9, ne pouvait rester qu&#8217;un cadavre meurtri, \u00e9chou\u00e9, d\u00e9figur\u00e9. Comme s&#8217;il avait fallu au monde, le monde, pour le d\u00e9faire.&#8221;<\/p>\n<p>&nbsp;<\/p>\n<p style=\"text-align: center; font-size: 85%; line-height: 1.5em; font-family: courier;\">(aujourd&#8217;hui pourtant,<br \/>\nla beaut\u00e9 qui accable.<br \/>\ndans ce cr\u00e9puscule et la nuit lente encore derri\u00e8re qui n&#8217;attend rien de nous<br \/>\nmais dans laquelle seule trouver un r\u00e9pit.<br \/>\nle chauffage est remis &#8211; froid de gueux au dehors &#8211;<br \/>\nnuit constell\u00e9e \u00e0 lir\u00e9couter la beaut\u00e9.)<\/p>\n<p>&nbsp;<\/p>\n<p style=\"font-size: 100%; line-height: 1.5em; font-family: Georgia; font-weight: 300; padding-left: 150px; padding-right: 150px; text-align: left;\"><em>. \u00a0 \u00a0 &nbsp; &nbsp; &nbsp; &nbsp; &nbsp; &nbsp; &nbsp; &nbsp;\u00a0\u00a0 &#8220;la beaut\u00e9<br \/>\nqui accable, a relev\u00e9. <strong>elle<br \/>\naccable.<\/strong><br \/>\n&nbsp;<br \/>\n&nbsp;<br \/>\n&nbsp; &nbsp; &nbsp; &nbsp; &nbsp; &nbsp; &nbsp; &nbsp;\u00a0une parole<br \/>\nde la langue imprononc\u00e9e. &nbsp; &nbsp; &nbsp; &nbsp; &nbsp; &nbsp; &nbsp; &nbsp;\u00a0 \u00e0 ton tour \u2014<br \/>\net l\u00e0 o\u00f9, n\u2019ayant<br \/>\npu le dire, <strong>il te faut<br \/>\nl\u00e2cher,<\/strong> je l\u2019entrevois.<br \/>\n&nbsp;<br \/>\n&nbsp;<br \/>\n&nbsp; &nbsp; &nbsp; &nbsp; &nbsp; &nbsp; &nbsp; &nbsp;\u00a0l\u2019appui, lorsqu\u2019il manque,<br \/>\n<strong>\u00e9crire<br \/>\npour cet instant.<\/strong><br \/>\nmais l\u2019appui a travers\u00e9.<br \/>\n&nbsp;<br \/>\n&nbsp;<br \/>\nchose impronon\u00e7able. \u00a0 &nbsp; &nbsp; &nbsp; &nbsp; &nbsp; &nbsp; &nbsp; &nbsp;\u00a0 \u00a0 \u00a0 \u00a0 \u00a0 \u00a0 <strong>mot incarn\u00e9<\/strong>.<br \/>\n&nbsp;<br \/>\n&nbsp;<br \/>\n&nbsp; &nbsp; &nbsp; &nbsp; &nbsp; &nbsp; &nbsp; &nbsp;\u00a0le bleu <strong>qui foudroie<\/strong>.<\/em><\/p>\n<p>&nbsp;<\/p>\n<p style=\"text-align: left; font-size: 100%; line-height: 1.5em; font-family: Georgia; font-weight: 300; padding-left: 150px;\"><em>. subitement <strong>la distance pareille \u00e0 des l\u00e8vres.&#8221;<\/strong><\/em><\/p>\n<p style=\"text-align: center; font-size: 90%; line-height: 1.5em; font-family: Oswald; font-weight: 400;\">Andr\u00e9 Du Bouchet, Aujourd\u2019hui c\u2019est<\/p>\n<p>&nbsp;<\/p>\n<p style=\"text-align: center; font-size: 100%; font-family: Georgia; font-weight: 300; padding-left: 150px; padding-right: 150px;\">&#8230;<\/p>\n<p>&nbsp;<\/p>\n","protected":false},"excerpt":{"rendered":"<p>(ce monde \u00e9tant bien trop fou, je me r\u00e9fugie dans la beaut\u00e9 du soir) La vie manifeste &#8211; Dans le noir du temps, une nuit Pasolini &#8220;On aura beaucoup dit et \u00e9crit sur Pasolini. Sa joie ou sa tristesse. Nous voudrions tenir ensemble et sa joie et sa tristesse. Sa joie et sa tristesse tiennent [&hellip;]<\/p>\n","protected":false},"author":3,"featured_media":15938,"comment_status":"closed","ping_status":"closed","sticky":false,"template":"","format":"standard","meta":{"footnotes":""},"categories":[269],"tags":[327,44],"class_list":["post-15937","post","type-post","status-publish","format-standard","has-post-thumbnail","hentry","category-cesures","tag-andre-du-bouchet","tag-pasolini"],"aioseo_notices":[],"_links":{"self":[{"href":"https:\/\/www.candice-nguyen.com\/fragments\/wp-json\/wp\/v2\/posts\/15937","targetHints":{"allow":["GET"]}}],"collection":[{"href":"https:\/\/www.candice-nguyen.com\/fragments\/wp-json\/wp\/v2\/posts"}],"about":[{"href":"https:\/\/www.candice-nguyen.com\/fragments\/wp-json\/wp\/v2\/types\/post"}],"author":[{"embeddable":true,"href":"https:\/\/www.candice-nguyen.com\/fragments\/wp-json\/wp\/v2\/users\/3"}],"replies":[{"embeddable":true,"href":"https:\/\/www.candice-nguyen.com\/fragments\/wp-json\/wp\/v2\/comments?post=15937"}],"version-history":[{"count":71,"href":"https:\/\/www.candice-nguyen.com\/fragments\/wp-json\/wp\/v2\/posts\/15937\/revisions"}],"predecessor-version":[{"id":16010,"href":"https:\/\/www.candice-nguyen.com\/fragments\/wp-json\/wp\/v2\/posts\/15937\/revisions\/16010"}],"wp:featuredmedia":[{"embeddable":true,"href":"https:\/\/www.candice-nguyen.com\/fragments\/wp-json\/wp\/v2\/media\/15938"}],"wp:attachment":[{"href":"https:\/\/www.candice-nguyen.com\/fragments\/wp-json\/wp\/v2\/media?parent=15937"}],"wp:term":[{"taxonomy":"category","embeddable":true,"href":"https:\/\/www.candice-nguyen.com\/fragments\/wp-json\/wp\/v2\/categories?post=15937"},{"taxonomy":"post_tag","embeddable":true,"href":"https:\/\/www.candice-nguyen.com\/fragments\/wp-json\/wp\/v2\/tags?post=15937"}],"curies":[{"name":"wp","href":"https:\/\/api.w.org\/{rel}","templated":true}]}}